{"id":1003,"date":"2019-07-09T12:21:28","date_gmt":"2019-07-09T10:21:28","guid":{"rendered":"https:\/\/www.carnicaspedrogomez.es\/recetas\/?p=1003"},"modified":"2019-07-09T12:22:42","modified_gmt":"2019-07-09T10:22:42","slug":"chuleta-de-ternera-con-salsa-de-moras","status":"publish","type":"post","link":"https:\/\/www.carnicaspedrogomez.es\/recetas\/chuleta-de-ternera-con-salsa-de-moras\/","title":{"rendered":"Chuleta de ternera con salsa de moras"},"content":{"rendered":"\n<div class=\"wp-block-image\"><figure class=\"aligncenter\"><img loading=\"lazy\" width=\"400\" height=\"300\" src=\"https:\/\/www.carnicaspedrogomez.es\/recetas\/wp-content\/uploads\/2019\/07\/chuleta_ternera_salsa_moras.jpg\" alt=\"\" class=\"wp-image-1004\" srcset=\"https:\/\/www.carnicaspedrogomez.es\/recetas\/wp-content\/uploads\/2019\/07\/chuleta_ternera_salsa_moras.jpg 400w, https:\/\/www.carnicaspedrogomez.es\/recetas\/wp-content\/uploads\/2019\/07\/chuleta_ternera_salsa_moras-300x225.jpg 300w\" sizes=\"(max-width: 400px) 100vw, 400px\" \/><figcaption><a href=\"http:\/\/www.consumer.es\/web\/es\/alimentacion\/recetas\/2005\/09\/01\/144942.php\" target=\"_blank\" rel=\"noreferrer noopener\" aria-label=\"Foto: Consumer (abre en una nueva pesta\u00f1a)\">Foto: Consumer<\/a><\/figcaption><\/figure><\/div>\n\n\n\n<p>Aunque a\u00fan es un poquito pronto para encontrar las moreras bien surtidas, julio tambi\u00e9n es mes de moras. Ya podemos encontrarlas en el mercado como buen <a href=\"https:\/\/soydetemporada.es\/\" target=\"_blank\" rel=\"noreferrer noopener\" aria-label=\"producto de temporada (abre en una nueva pesta\u00f1a)\">producto de temporada<\/a> que es. Por eso nosotros ya vamos calentando motores gracias a <a rel=\"noreferrer noopener\" aria-label=\"Consumer de Eroski (abre en una nueva pesta\u00f1a)\" href=\"http:\/\/www.consumer.es\" target=\"_blank\">Consumer de Eroski<\/a> con una receta de<a rel=\"noreferrer noopener\" aria-label=\"producto de temporada (abre en una nueva pesta\u00f1a)\" href=\"http:\/\/www.consumer.es\/web\/es\/alimentacion\/recetas\/2005\/09\/01\/144942.php\" target=\"_blank\"> chuleta de ternera con salsa de moras<\/a> que promete ser exquisita. <\/p>\n\n\n\n<p>Quiz\u00e1s sea un poco contundente para el mes de julio, que te hablan ahora de encender el horno y te huele m\u00e1s a quemado que al aroma de un buen guiso. Pero no todos los veranos son como el de Sevilla, que en el norte y la sierra a\u00fan hay vida, y seguro que alg\u00fan d\u00eda refresca as\u00ed que, \u00bfpor qu\u00e9 no tomas papel y boli y te acercas al mercado?<\/p>\n\n\n\n<p>Y si prefieres recetas m\u00e1s ligeras, aqu\u00ed tienes m\u00e1s sugerencias de <a href=\"https:\/\/www.carnicaspedrogomez.es\/recetas\/\/?s=recetas+de+temporada\" target=\"_blank\" rel=\"noreferrer noopener\" aria-label=\"recetas de temporada.   (abre en una nueva pesta\u00f1a)\">recetas de temporada.  <\/a><\/p>\n","protected":false},"excerpt":{"rendered":"","protected":false},"author":2,"featured_media":0,"comment_status":"open","ping_status":"open","sticky":false,"template":"","format":"standard","meta":[],"categories":[62],"tags":[75,76,422,238,155,124,12,16,86,499,498,502,187,17,93,501],"_links":{"self":[{"href":"https:\/\/www.carnicaspedrogomez.es\/recetas\/wp-json\/wp\/v2\/posts\/1003"}],"collection":[{"href":"https:\/\/www.carnicaspedrogomez.es\/recetas\/wp-json\/wp\/v2\/posts"}],"about":[{"href":"https:\/\/www.carnicaspedrogomez.es\/recetas\/wp-json\/wp\/v2\/types\/post"}],"author":[{"embeddable":true,"href":"https:\/\/www.carnicaspedrogomez.es\/recetas\/wp-json\/wp\/v2\/users\/2"}],"replies":[{"embeddable":true,"href":"https:\/\/www.carnicaspedrogomez.es\/recetas\/wp-json\/wp\/v2\/comments?post=1003"}],"version-history":[{"count":3,"href":"https:\/\/www.carnicaspedrogomez.es\/recetas\/wp-json\/wp\/v2\/posts\/1003\/revisions"}],"predecessor-version":[{"id":1007,"href":"https:\/\/www.carnicaspedrogomez.es\/recetas\/wp-json\/wp\/v2\/posts\/1003\/revisions\/1007"}],"wp:attachment":[{"href":"https:\/\/www.carnicaspedrogomez.es\/recetas\/wp-json\/wp\/v2\/media?parent=1003"}],"wp:term":[{"taxonomy":"category","embeddable":true,"href":"https:\/\/www.carnicaspedrogomez.es\/recetas\/wp-json\/wp\/v2\/categories?post=1003"},{"taxonomy":"post_tag","embeddable":true,"href":"https:\/\/www.carnicaspedrogomez.es\/recetas\/wp-json\/wp\/v2\/tags?post=1003"}],"curies":[{"name":"wp","href":"https:\/\/api.w.org\/{rel}","templated":true}]}}