{"id":1029,"date":"2019-08-01T18:36:50","date_gmt":"2019-08-01T16:36:50","guid":{"rendered":"https:\/\/www.carnicaspedrogomez.es\/recetas\/?p=1029"},"modified":"2020-05-05T08:05:54","modified_gmt":"2020-05-05T06:05:54","slug":"montaditos-de-ternera-y-berenjena","status":"publish","type":"post","link":"https:\/\/www.carnicaspedrogomez.es\/recetas\/montaditos-de-ternera-y-berenjena\/","title":{"rendered":"Montaditos de ternera y berenjena"},"content":{"rendered":"\n<figure class=\"wp-block-image\"><img loading=\"lazy\" width=\"920\" height=\"518\" src=\"https:\/\/www.carnicaspedrogomez.es\/recetas\/wp-content\/uploads\/2019\/08\/montadito_ternera_berenjena.jpg\" alt=\"\" class=\"wp-image-1030\" srcset=\"https:\/\/www.carnicaspedrogomez.es\/recetas\/wp-content\/uploads\/2019\/08\/montadito_ternera_berenjena.jpg 920w, https:\/\/www.carnicaspedrogomez.es\/recetas\/wp-content\/uploads\/2019\/08\/montadito_ternera_berenjena-300x169.jpg 300w, https:\/\/www.carnicaspedrogomez.es\/recetas\/wp-content\/uploads\/2019\/08\/montadito_ternera_berenjena-768x432.jpg 768w\" sizes=\"(max-width: 920px) 100vw, 920px\" \/><figcaption> <a rel=\"noreferrer noopener\" aria-label=\"Foto: Julios, de Canal Cocina (abre en una nueva pesta\u00f1a)\" href=\"https:\/\/canalcocina.es\/receta\/montaditos-ternera-berenjena\" target=\"_blank\">Foto: Julio Bienert, de Canal Cocina<\/a><\/figcaption><\/figure>\n\n\n\n<p>Seguimos buscando recetas de temporada con las que aprovechar las tres P que nos ofrece el mercado: producto, precio y propiedades. Y si, adem\u00e1s, son sencillitas (un punto para los que no tenemos el don de cocinar como expertos) pues mejor que mejor. As\u00ed que hoy estamos muy contentos porque vamos a cenar unos <a rel=\"noreferrer noopener\" aria-label=\"montaditos de ternera y berenjena (abre en una nueva pesta\u00f1a)\" href=\"https:\/\/canalcocina.es\/receta\/montaditos-ternera-berenjena\" target=\"_blank\">montaditos de ternera y berenjena<\/a> que hemos encontrado en Canal Cocina de la mano de <a rel=\"noreferrer noopener\" aria-label=\"Julio Bienert (abre en una nueva pesta\u00f1a)\" href=\"https:\/\/canalcocina.es\/cocinero\/julius\" target=\"_blank\">Julio Bienert<\/a>.<\/p>\n\n\n\n<p>S\u00f3lo necesitamos berenjenas ricas, algo que no ser\u00e1 dif\u00edcil de encontrar en plena temporada, carne de ternera, tomate y queso. Un poquito de plancha, otro poquito de horno (lo justo, que hace calor), una ensalada y ya tenemos la cena hecha. <\/p>\n","protected":false},"excerpt":{"rendered":"","protected":false},"author":2,"featured_media":0,"comment_status":"open","ping_status":"open","sticky":false,"template":"","format":"standard","meta":[],"categories":[50],"tags":[526,77,494,478,523,18,415,497,510,468,181,20,416,411,756,524,24,144],"_links":{"self":[{"href":"https:\/\/www.carnicaspedrogomez.es\/recetas\/wp-json\/wp\/v2\/posts\/1029"}],"collection":[{"href":"https:\/\/www.carnicaspedrogomez.es\/recetas\/wp-json\/wp\/v2\/posts"}],"about":[{"href":"https:\/\/www.carnicaspedrogomez.es\/recetas\/wp-json\/wp\/v2\/types\/post"}],"author":[{"embeddable":true,"href":"https:\/\/www.carnicaspedrogomez.es\/recetas\/wp-json\/wp\/v2\/users\/2"}],"replies":[{"embeddable":true,"href":"https:\/\/www.carnicaspedrogomez.es\/recetas\/wp-json\/wp\/v2\/comments?post=1029"}],"version-history":[{"count":1,"href":"https:\/\/www.carnicaspedrogomez.es\/recetas\/wp-json\/wp\/v2\/posts\/1029\/revisions"}],"predecessor-version":[{"id":1031,"href":"https:\/\/www.carnicaspedrogomez.es\/recetas\/wp-json\/wp\/v2\/posts\/1029\/revisions\/1031"}],"wp:attachment":[{"href":"https:\/\/www.carnicaspedrogomez.es\/recetas\/wp-json\/wp\/v2\/media?parent=1029"}],"wp:term":[{"taxonomy":"category","embeddable":true,"href":"https:\/\/www.carnicaspedrogomez.es\/recetas\/wp-json\/wp\/v2\/categories?post=1029"},{"taxonomy":"post_tag","embeddable":true,"href":"https:\/\/www.carnicaspedrogomez.es\/recetas\/wp-json\/wp\/v2\/tags?post=1029"}],"curies":[{"name":"wp","href":"https:\/\/api.w.org\/{rel}","templated":true}]}}