{"id":1072,"date":"2019-09-11T17:24:18","date_gmt":"2019-09-11T15:24:18","guid":{"rendered":"https:\/\/www.carnicaspedrogomez.es\/recetas\/?p=1072"},"modified":"2019-09-11T17:25:59","modified_gmt":"2019-09-11T15:25:59","slug":"salsa-de-mora-y-frambuesa-para-carne-de-ternera","status":"publish","type":"post","link":"https:\/\/www.carnicaspedrogomez.es\/recetas\/salsa-de-mora-y-frambuesa-para-carne-de-ternera\/","title":{"rendered":"Salsa de mora y frambuesa para carne de ternera"},"content":{"rendered":"\n<figure class=\"wp-block-image\"><img loading=\"lazy\" width=\"740\" height=\"1024\" src=\"https:\/\/www.carnicaspedrogomez.es\/recetas\/wp-content\/uploads\/2019\/09\/salsa_mora_frambuesa_ternera-740x1024.jpg\" alt=\"\" class=\"wp-image-1073\" srcset=\"https:\/\/www.carnicaspedrogomez.es\/recetas\/wp-content\/uploads\/2019\/09\/salsa_mora_frambuesa_ternera-740x1024.jpg 740w, https:\/\/www.carnicaspedrogomez.es\/recetas\/wp-content\/uploads\/2019\/09\/salsa_mora_frambuesa_ternera-217x300.jpg 217w, https:\/\/www.carnicaspedrogomez.es\/recetas\/wp-content\/uploads\/2019\/09\/salsa_mora_frambuesa_ternera-768x1063.jpg 768w, https:\/\/www.carnicaspedrogomez.es\/recetas\/wp-content\/uploads\/2019\/09\/salsa_mora_frambuesa_ternera.jpg 1024w\" sizes=\"(max-width: 740px) 100vw, 740px\" \/><figcaption><a href=\"https:\/\/www.directoalpaladar.com\/recetas-de-salsas-y-guarniciones\/salsa-de-frutos-rojos-para-carne-la-receta-definitiva\" target=\"_blank\" rel=\"noreferrer noopener\" aria-label=\"Foto: Directo al paladar (abre en una nueva pesta\u00f1a)\">Foto: Directo al paladar<\/a><\/figcaption><\/figure>\n\n\n\n<p>Los que somos de campo sentimos pasar las estaciones cuando damos un paseo. Dos de las \u00e9pocas m\u00e1s populares son las de setas y la de moras, y estamos entrando de lleno en la de frutos rojos. Por eso <a rel=\"noreferrer noopener\" aria-label=\"soydetemporada  (abre en una nueva pesta\u00f1a)\" href=\"https:\/\/soydetemporada.es\/\" target=\"_blank\">soydetemporada <\/a>nos recuerda que tenemos que aprovechar ahora para recoger frambuesas y moras, disfrutarlas en el momento, guardar unas pocas para hacer mermelada y otras para preparar la <a rel=\"noreferrer noopener\" aria-label=\"salsa definitiva de frambuesas, moras y otros frutos rojos para carne (abre en una nueva pesta\u00f1a)\" href=\"https:\/\/www.directoalpaladar.com\/recetas-de-salsas-y-guarniciones\/salsa-de-frutos-rojos-para-carne-la-receta-definitiva\" target=\"_blank\">salsa definitiva de frambuesas, moras y otros frutos rojos para carne<\/a>, de ternera, claro est\u00e1, que hemos encontrado en <a href=\"https:\/\/www.directoalpaladar.com\" target=\"_blank\" rel=\"noreferrer noopener\" aria-label=\"Directo al Paladar (abre en una nueva pesta\u00f1a)\">Directo al Paladar<\/a>. <\/p>\n\n\n\n<p>Esta receta, adem\u00e1s de ser de temporada, es muy pr\u00e1ctica porque se puede preparar con antelaci\u00f3n e incluso congelar. Un punto a favor para los seguidores del <a href=\"https:\/\/elcomidista.elpais.com\/elcomidista\/2019\/01\/31\/articulo\/1548955058_344629.html\" target=\"_blank\" rel=\"noreferrer noopener\" aria-label=\" (abre en una nueva pesta\u00f1a)\">batch cooking<\/a>. Y para todos los que quieren comer rico, tienen poco tiempo, cocinan una tarde y no saben que eso tiene un nombre en ingl\u00e9s (como casi todo).<\/p>\n","protected":false},"excerpt":{"rendered":"","protected":false},"author":2,"featured_media":0,"comment_status":"open","ping_status":"open","sticky":false,"template":"","format":"standard","meta":[],"categories":[50,62],"tags":[488,422,564,463,563,135,121,462,61,498,39,44,127,347,562,560,561,193,17],"_links":{"self":[{"href":"https:\/\/www.carnicaspedrogomez.es\/recetas\/wp-json\/wp\/v2\/posts\/1072"}],"collection":[{"href":"https:\/\/www.carnicaspedrogomez.es\/recetas\/wp-json\/wp\/v2\/posts"}],"about":[{"href":"https:\/\/www.carnicaspedrogomez.es\/recetas\/wp-json\/wp\/v2\/types\/post"}],"author":[{"embeddable":true,"href":"https:\/\/www.carnicaspedrogomez.es\/recetas\/wp-json\/wp\/v2\/users\/2"}],"replies":[{"embeddable":true,"href":"https:\/\/www.carnicaspedrogomez.es\/recetas\/wp-json\/wp\/v2\/comments?post=1072"}],"version-history":[{"count":3,"href":"https:\/\/www.carnicaspedrogomez.es\/recetas\/wp-json\/wp\/v2\/posts\/1072\/revisions"}],"predecessor-version":[{"id":1076,"href":"https:\/\/www.carnicaspedrogomez.es\/recetas\/wp-json\/wp\/v2\/posts\/1072\/revisions\/1076"}],"wp:attachment":[{"href":"https:\/\/www.carnicaspedrogomez.es\/recetas\/wp-json\/wp\/v2\/media?parent=1072"}],"wp:term":[{"taxonomy":"category","embeddable":true,"href":"https:\/\/www.carnicaspedrogomez.es\/recetas\/wp-json\/wp\/v2\/categories?post=1072"},{"taxonomy":"post_tag","embeddable":true,"href":"https:\/\/www.carnicaspedrogomez.es\/recetas\/wp-json\/wp\/v2\/tags?post=1072"}],"curies":[{"name":"wp","href":"https:\/\/api.w.org\/{rel}","templated":true}]}}