{"id":1147,"date":"2019-11-11T16:34:08","date_gmt":"2019-11-11T15:34:08","guid":{"rendered":"https:\/\/www.carnicaspedrogomez.es\/recetas\/?p=1147"},"modified":"2019-11-11T16:34:08","modified_gmt":"2019-11-11T15:34:08","slug":"fricando-de-ternera-con-boletus","status":"publish","type":"post","link":"https:\/\/www.carnicaspedrogomez.es\/recetas\/fricando-de-ternera-con-boletus\/","title":{"rendered":"Fricand\u00f3 de ternera con boletus"},"content":{"rendered":"\n<div class=\"wp-block-image\"><figure class=\"aligncenter\"><img loading=\"lazy\" width=\"450\" height=\"337\" src=\"https:\/\/www.carnicaspedrogomez.es\/recetas\/wp-content\/uploads\/2019\/11\/fricando_ternera_boletus.jpg\" alt=\"\" class=\"wp-image-1148\" srcset=\"https:\/\/www.carnicaspedrogomez.es\/recetas\/wp-content\/uploads\/2019\/11\/fricando_ternera_boletus.jpg 450w, https:\/\/www.carnicaspedrogomez.es\/recetas\/wp-content\/uploads\/2019\/11\/fricando_ternera_boletus-300x225.jpg 300w\" sizes=\"(max-width: 450px) 100vw, 450px\" \/><figcaption><a href=\"https:\/\/elpetitchef.com\/recetas\/fricando-de-ternera-con-boletus\" target=\"_blank\" rel=\"noreferrer noopener\" aria-label=\"Foto y receta: El Petit Chef (abre en una nueva pesta\u00f1a)\">Foto y receta: El Petit Chef<\/a><\/figcaption><\/figure><\/div>\n\n\n\n<p>A estas alturas de la temporada, qui\u00e9n m\u00e1s, qui\u00e9n menos, ya ha ido a por setas. Y algunos afortunados (por suerte este a\u00f1o han sido muchos) habr\u00e1n venido cargaditos de boletus. Para que luego nos quejemos de que llega el oto\u00f1o&#8230; que s\u00ed, que los d\u00edas son m\u00e1s cortos, empieza el fr\u00edo pero, \u00bfy lo bien que sienta quedarse en casa y templarse con guisos como este <a rel=\"noreferrer noopener\" aria-label=\" (abre en una nueva pesta\u00f1a)\" href=\"https:\/\/elpetitchef.com\/recetas\/fricando-de-ternera-con-boletus\" target=\"_blank\">fricand\u00f3 de ternera con boletus<\/a>?Hoy os dejamos  esta maravilla de <a rel=\"noreferrer noopener\" aria-label=\"El Petit Chef (abre en una nueva pesta\u00f1a)\" href=\"https:\/\/elpetitchef.com\" target=\"_blank\">El Petit Chef<\/a>, otro d\u00eda pod\u00e9is ver<a rel=\"noreferrer noopener\" aria-label=\" otros ejemplos de fricand\u00f3 en nuestro blog (abre en una nueva pesta\u00f1a)\" href=\"https:\/\/www.carnicaspedrogomez.es\/recetas\/\/?s=fricand%C3%B3\" target=\"_blank\"> otros ejemplos de fricand\u00f3 en nuestro blog<\/a>. <\/p>\n\n\n\n<p>Si tienes tiempo, puedes disfrutar de un plan completo saliendo por la ma\u00f1ana a por setas (ten preparadas las del guiso, por si acaso), comprando una hogaza de pan y un buen vino tinto, disfrutando de la cocina y la comida y, por supuesto, de la posterior siesta. Listo. <\/p>\n","protected":false},"excerpt":{"rendered":"","protected":false},"author":2,"featured_media":0,"comment_status":"open","ping_status":"open","sticky":false,"template":"","format":"standard","meta":[],"categories":[1],"tags":[478,19,624,18,23,44,181,20,625,326,187,626,144,25,26],"_links":{"self":[{"href":"https:\/\/www.carnicaspedrogomez.es\/recetas\/wp-json\/wp\/v2\/posts\/1147"}],"collection":[{"href":"https:\/\/www.carnicaspedrogomez.es\/recetas\/wp-json\/wp\/v2\/posts"}],"about":[{"href":"https:\/\/www.carnicaspedrogomez.es\/recetas\/wp-json\/wp\/v2\/types\/post"}],"author":[{"embeddable":true,"href":"https:\/\/www.carnicaspedrogomez.es\/recetas\/wp-json\/wp\/v2\/users\/2"}],"replies":[{"embeddable":true,"href":"https:\/\/www.carnicaspedrogomez.es\/recetas\/wp-json\/wp\/v2\/comments?post=1147"}],"version-history":[{"count":1,"href":"https:\/\/www.carnicaspedrogomez.es\/recetas\/wp-json\/wp\/v2\/posts\/1147\/revisions"}],"predecessor-version":[{"id":1149,"href":"https:\/\/www.carnicaspedrogomez.es\/recetas\/wp-json\/wp\/v2\/posts\/1147\/revisions\/1149"}],"wp:attachment":[{"href":"https:\/\/www.carnicaspedrogomez.es\/recetas\/wp-json\/wp\/v2\/media?parent=1147"}],"wp:term":[{"taxonomy":"category","embeddable":true,"href":"https:\/\/www.carnicaspedrogomez.es\/recetas\/wp-json\/wp\/v2\/categories?post=1147"},{"taxonomy":"post_tag","embeddable":true,"href":"https:\/\/www.carnicaspedrogomez.es\/recetas\/wp-json\/wp\/v2\/tags?post=1147"}],"curies":[{"name":"wp","href":"https:\/\/api.w.org\/{rel}","templated":true}]}}