{"id":1349,"date":"2020-03-27T16:27:55","date_gmt":"2020-03-27T15:27:55","guid":{"rendered":"https:\/\/www.carnicaspedrogomez.es\/recetas\/?p=1349"},"modified":"2020-03-28T08:38:21","modified_gmt":"2020-03-28T07:38:21","slug":"lecciones-cuarentena2","status":"publish","type":"post","link":"https:\/\/www.carnicaspedrogomez.es\/recetas\/lecciones-cuarentena2\/","title":{"rendered":"Seguimos aprendiendo"},"content":{"rendered":"\n<div class=\"wp-block-image\"><figure class=\"aligncenter size-large\"><img loading=\"lazy\" width=\"410\" height=\"1024\" src=\"https:\/\/www.carnicaspedrogomez.es\/recetas\/wp-content\/uploads\/2020\/03\/infografia_leccionesCoronavirus2-410x1024.png\" alt=\"\" class=\"wp-image-1350\" srcset=\"https:\/\/www.carnicaspedrogomez.es\/recetas\/wp-content\/uploads\/2020\/03\/infografia_leccionesCoronavirus2-410x1024.png 410w, https:\/\/www.carnicaspedrogomez.es\/recetas\/wp-content\/uploads\/2020\/03\/infografia_leccionesCoronavirus2-120x300.png 120w, https:\/\/www.carnicaspedrogomez.es\/recetas\/wp-content\/uploads\/2020\/03\/infografia_leccionesCoronavirus2-768x1920.png 768w, https:\/\/www.carnicaspedrogomez.es\/recetas\/wp-content\/uploads\/2020\/03\/infografia_leccionesCoronavirus2.png 800w\" sizes=\"(max-width: 410px) 100vw, 410px\" \/><\/figure><\/div>\n\n\n\n<p>Quince d\u00edas en casa y, de momento, buscando c\u00f3mo afrontar otras dos semanas m\u00e1s. Pasemos a la acci\u00f3n, hemos decidido entender nuestra casa como nuestro refugio, no es una prisi\u00f3n. Queremos abrir bien los ojos y las orejas para estar atentos a todo lo que esta  situaci\u00f3n nos est\u00e1 obligando a vivir. El resto del tiempo, seguimos trabajando para que no falte carne de ternera en la mesa de nadie as\u00ed que, como veis, no nos vamos a aburrir. Ma\u00f1ana, ya veremos<\/p>\n\n\n\n<p>Como tampoco somos tan sabios, hemos recopilado algunas reflexiones por aqu\u00ed. Seguro que faltan evidencias que no hemos visto, \u00bfnos ayudas? Pues empezamos, y si&#8230;<\/p>\n\n\n\n<ol><li><strong>Entendemos que juntos somos m\u00e1s. <\/strong>Quiero pensar que la conciencia social adquirida estos quince d\u00edas no se nos va a olvidar dos semanas despu\u00e9s del d\u00eda 1 del resto de nuestra vida. No pueden dejar de escucharse los aplausos a los colectivos p\u00fablicos que nos cuidan y velan por nuestra seguridad, as\u00ed como a los que nos alimentan. Pero espero que no se queden en los balcones, si no que se traduzcan en iniciativas, respeto y elecciones.  <\/li><li><strong>Busco informaci\u00f3n.<\/strong> Imprescindible para mantener la cabeza, y el coraz\u00f3n fr\u00edo. Los datos son estremecedores, terribles, pero hay muchas y  diferentes formas de contarlos y contextualizados. El sensacionalismo, como siempre, no ayuda nada.<\/li><li><strong>Doy a las Mar\u00edas su importancia&#8230;<\/strong> Literatura, m\u00fasica, pl\u00e1stica y educaci\u00f3n f\u00edsica.  Si no ten\u00edas libros, discos y h\u00e1bitos deportivos en casa, internet se ha llenado de profesionales dispuestos a compartir su arte. S\u00ed, eso que antes nos parec\u00eda superficial, aporta ahora un poco de color a cada d\u00eda. Y a nuestra salud f\u00edsica y mental. <\/li><li><strong>Escucho la naturaleza. <\/strong>Abre la ventana. De nada. <\/li><li><strong>Limpio. <\/strong>Con lej\u00eda, con cuidado, con jab\u00f3n y con mimo. Seguro que nunca te has lavado tanto las manos. Bien, es la principal medida de protecci\u00f3n. Pero voy a intentar limpiar tambi\u00e9n todo lo que sobra, que seguro que es m\u00e1s (y m\u00e1s inesperado) de lo que creo. Algunas de las prioridades de hace quince d\u00edas hoy nos suenan a chiste. Y, sobre todo, poco a poco me voy dando cuenta de que voces, realmente, quiero escuchar. <\/li><li><strong>Insistimos, a comer bien<\/strong>. No nos cansaremos de repetirlo, que para eso estamos: <a rel=\"noreferrer noopener\" aria-label=\"compra local y de temporada, (se abre en una nueva pesta\u00f1a)\" href=\"https:\/\/www.carnicaspedrogomez.es\/recetas\/\/?s=recetas+de+temporada\" target=\"_blank\">compra local y de temporada,<\/a> <a rel=\"noreferrer noopener\" aria-label=\"planifica tu men\u00fa (se abre en una nueva pesta\u00f1a)\" href=\"https:\/\/www.carnicaspedrogomez.es\/recetas\/ideas-para-comer-rico-y-bien-en-cuarentena\/\" target=\"_blank\">planifica tu men\u00fa<\/a> y tu <a rel=\"noreferrer noopener\" aria-label=\"compra (se abre en una nueva pesta\u00f1a)\" href=\"https:\/\/www.carnicaspedrogomez.es\/recetas\/cuidate-cuidame-al-hacer-la-compra\/\" target=\"_blank\">compra<\/a>, y prioriza los alimentos sanos y ricos <a rel=\"noreferrer noopener\" aria-label=\"buscando nuevas recetas que hagan que te apetezca cocinar (se abre en una nueva pesta\u00f1a)\" href=\"https:\/\/www.carnicaspedrogomez.es\/recetas\/\" target=\"_blank\">buscando nuevas recetas que hagan que te apetezca cocinar<\/a>. Es posible, de verdad. <\/li><li><strong>Aprendo.<\/strong> Sin presi\u00f3n, no voy a a\u00f1adir m\u00e1s agobios a una situaci\u00f3n ya de por si estresante. \u00bfC\u00f3mo lo ves? Seguro que si busca por ah\u00ed encuentras una afici\u00f3n que va hacer que salgas un poco de esta espiral. Dibujo, escritura, deporte, dise\u00f1o o cocina, yo qu\u00e9 s\u00e9. Hay muchas plataformas que te ofrecen esa oportunidad. <\/li><li><strong>Aporta o aparta. <\/strong>Sin m\u00e1s, si no traes soluciones o alegr\u00eda&#8230;hasta luego. <\/li><\/ol>\n","protected":false},"excerpt":{"rendered":"","protected":false},"author":2,"featured_media":0,"comment_status":"open","ping_status":"open","sticky":false,"template":"","format":"standard","meta":[],"categories":[731],"tags":[726,732,741,742,740],"_links":{"self":[{"href":"https:\/\/www.carnicaspedrogomez.es\/recetas\/wp-json\/wp\/v2\/posts\/1349"}],"collection":[{"href":"https:\/\/www.carnicaspedrogomez.es\/recetas\/wp-json\/wp\/v2\/posts"}],"about":[{"href":"https:\/\/www.carnicaspedrogomez.es\/recetas\/wp-json\/wp\/v2\/types\/post"}],"author":[{"embeddable":true,"href":"https:\/\/www.carnicaspedrogomez.es\/recetas\/wp-json\/wp\/v2\/users\/2"}],"replies":[{"embeddable":true,"href":"https:\/\/www.carnicaspedrogomez.es\/recetas\/wp-json\/wp\/v2\/comments?post=1349"}],"version-history":[{"count":4,"href":"https:\/\/www.carnicaspedrogomez.es\/recetas\/wp-json\/wp\/v2\/posts\/1349\/revisions"}],"predecessor-version":[{"id":1355,"href":"https:\/\/www.carnicaspedrogomez.es\/recetas\/wp-json\/wp\/v2\/posts\/1349\/revisions\/1355"}],"wp:attachment":[{"href":"https:\/\/www.carnicaspedrogomez.es\/recetas\/wp-json\/wp\/v2\/media?parent=1349"}],"wp:term":[{"taxonomy":"category","embeddable":true,"href":"https:\/\/www.carnicaspedrogomez.es\/recetas\/wp-json\/wp\/v2\/categories?post=1349"},{"taxonomy":"post_tag","embeddable":true,"href":"https:\/\/www.carnicaspedrogomez.es\/recetas\/wp-json\/wp\/v2\/tags?post=1349"}],"curies":[{"name":"wp","href":"https:\/\/api.w.org\/{rel}","templated":true}]}}