{"id":1443,"date":"2020-07-01T17:26:36","date_gmt":"2020-07-01T15:26:36","guid":{"rendered":"https:\/\/www.carnicaspedrogomez.es\/recetas\/?p=1443"},"modified":"2020-07-01T17:26:39","modified_gmt":"2020-07-01T15:26:39","slug":"hablamos-de-envases-sostenibles","status":"publish","type":"post","link":"https:\/\/www.carnicaspedrogomez.es\/recetas\/hablamos-de-envases-sostenibles\/","title":{"rendered":"\u00bfHablamos de envases sostenibles?"},"content":{"rendered":"\n<div class=\"wp-block-image\"><figure class=\"aligncenter size-large\"><img loading=\"lazy\" width=\"410\" height=\"1024\" src=\"https:\/\/www.carnicaspedrogomez.es\/recetas\/wp-content\/uploads\/2020\/07\/infografia_envasesSostenibles-410x1024.jpg\" alt=\"\" class=\"wp-image-1444\" srcset=\"https:\/\/www.carnicaspedrogomez.es\/recetas\/wp-content\/uploads\/2020\/07\/infografia_envasesSostenibles-410x1024.jpg 410w, https:\/\/www.carnicaspedrogomez.es\/recetas\/wp-content\/uploads\/2020\/07\/infografia_envasesSostenibles-120x300.jpg 120w, https:\/\/www.carnicaspedrogomez.es\/recetas\/wp-content\/uploads\/2020\/07\/infografia_envasesSostenibles-768x1920.jpg 768w, https:\/\/www.carnicaspedrogomez.es\/recetas\/wp-content\/uploads\/2020\/07\/infografia_envasesSostenibles.jpg 800w\" sizes=\"(max-width: 410px) 100vw, 410px\" \/><\/figure><\/div>\n\n\n\n<p>\u00bfEnvases sostenibles? Los que no existen o se puede compostar, como una c\u00e1scara de pl\u00e1tano. A\u00fan as\u00ed, estamos tan locos que tambi\u00e9n lo envolvemos en pl\u00e1stico. <\/p>\n\n\n\n<p>\u00bfAlternativas de envases sostenibles? Los que se pueden reutilizar: tuppers, bolsas y similares. <\/p>\n\n\n\n<p>\u00bfQu\u00e9 tampoco es posible? Recicla. <\/p>\n\n\n\n<p>Adem\u00e1s del continente, importa el contenido, as\u00ed que piensa bien qu\u00e9 vas a consumir y c\u00f3mo antes de comprar. Desperdiciar comida es la manera m\u00e1s absurda (y triste) de contribuir a la enorme generaci\u00f3n de residuos de este loco mundo. <\/p>\n","protected":false},"excerpt":{"rendered":"","protected":false},"author":2,"featured_media":0,"comment_status":"open","ping_status":"open","sticky":false,"template":"","format":"standard","meta":[],"categories":[731],"tags":[687,754,780,770,779,781,39],"_links":{"self":[{"href":"https:\/\/www.carnicaspedrogomez.es\/recetas\/wp-json\/wp\/v2\/posts\/1443"}],"collection":[{"href":"https:\/\/www.carnicaspedrogomez.es\/recetas\/wp-json\/wp\/v2\/posts"}],"about":[{"href":"https:\/\/www.carnicaspedrogomez.es\/recetas\/wp-json\/wp\/v2\/types\/post"}],"author":[{"embeddable":true,"href":"https:\/\/www.carnicaspedrogomez.es\/recetas\/wp-json\/wp\/v2\/users\/2"}],"replies":[{"embeddable":true,"href":"https:\/\/www.carnicaspedrogomez.es\/recetas\/wp-json\/wp\/v2\/comments?post=1443"}],"version-history":[{"count":1,"href":"https:\/\/www.carnicaspedrogomez.es\/recetas\/wp-json\/wp\/v2\/posts\/1443\/revisions"}],"predecessor-version":[{"id":1445,"href":"https:\/\/www.carnicaspedrogomez.es\/recetas\/wp-json\/wp\/v2\/posts\/1443\/revisions\/1445"}],"wp:attachment":[{"href":"https:\/\/www.carnicaspedrogomez.es\/recetas\/wp-json\/wp\/v2\/media?parent=1443"}],"wp:term":[{"taxonomy":"category","embeddable":true,"href":"https:\/\/www.carnicaspedrogomez.es\/recetas\/wp-json\/wp\/v2\/categories?post=1443"},{"taxonomy":"post_tag","embeddable":true,"href":"https:\/\/www.carnicaspedrogomez.es\/recetas\/wp-json\/wp\/v2\/tags?post=1443"}],"curies":[{"name":"wp","href":"https:\/\/api.w.org\/{rel}","templated":true}]}}