{"id":588,"date":"2018-04-03T15:31:31","date_gmt":"2018-04-03T13:31:31","guid":{"rendered":"https:\/\/www.carnicaspedrogomez.es\/recetas\/?p=588"},"modified":"2018-04-03T15:32:30","modified_gmt":"2018-04-03T13:32:30","slug":"albondigas-suecas","status":"publish","type":"post","link":"https:\/\/www.carnicaspedrogomez.es\/recetas\/albondigas-suecas\/","title":{"rendered":"Alb\u00f3ndigas suecas"},"content":{"rendered":"<div id=\"attachment_589\" style=\"width: 641px\" class=\"wp-caption alignnone\"><a href=\"https:\/\/www.youtube.com\/watch?v=bqWEGBZKRNk\"><img aria-describedby=\"caption-attachment-589\" loading=\"lazy\" class=\"wp-image-589 size-full\" src=\"https:\/\/www.carnicaspedrogomez.es\/recetas\/wp-content\/uploads\/2018\/04\/albondigasIkea.png\" alt=\"\" width=\"631\" height=\"353\" srcset=\"https:\/\/www.carnicaspedrogomez.es\/recetas\/wp-content\/uploads\/2018\/04\/albondigasIkea.png 631w, https:\/\/www.carnicaspedrogomez.es\/recetas\/wp-content\/uploads\/2018\/04\/albondigasIkea-300x168.png 300w\" sizes=\"(max-width: 631px) 100vw, 631px\" \/><\/a><p id=\"caption-attachment-589\" class=\"wp-caption-text\">Foto: El Comidista<\/p><\/div>\n<p>&nbsp;<\/p>\n<p>Los\u00a0estudiantes de Castilla y Le\u00f3n tienen la suerte de disfrutar de esta semana de vacaciones, por lo que los padres andan haciendo malabarismos entre guarder\u00edas, abuelos y campamentos urbanos. Si eres de los que tiene que entretenerlos en casa, \u00bfpor qu\u00e9 no aprovechar una actividad para tener la cena lista? Que no estamos hablando de trabajo infantil,\u00a0hablamos de educaci\u00f3n nutricional. Como idea, te recordamos la receta de <a href=\"https:\/\/elcomidista.elpais.com\/elcomidista\/2017\/03\/31\/receta\/1490950642_692512.html\" target=\"_blank\" rel=\"noopener noreferrer\">alb\u00f3ndigas suecas<\/a> de <a href=\"https:\/\/elcomidista.elpais.com\" target=\"_blank\" rel=\"noopener noreferrer\">El Comidista<\/a>, una delicia m\u00e1s f\u00e1cil de hacer que montar una estanter\u00eda de Ikea y m\u00e1s ricas que cualquier cosa comestible que te encuentres en dicha tienda.<\/p>\n<p>\u00bfQu\u00e9 te parece? Con ingredientes f\u00e1ciles de encontrar en el mercado m\u00e1s cercano a tu casa y un poco de tiempo consigues una tarde entretenida y tener la cena lista. De fregar la cocina&#8230; ya hablamos otro rato.<\/p>\n","protected":false},"excerpt":{"rendered":"","protected":false},"author":2,"featured_media":0,"comment_status":"open","ping_status":"open","sticky":false,"template":"","format":"standard","meta":[],"categories":[53],"tags":[78,77,10,288,265,14,6,143,49,58,290,86,289,80],"_links":{"self":[{"href":"https:\/\/www.carnicaspedrogomez.es\/recetas\/wp-json\/wp\/v2\/posts\/588"}],"collection":[{"href":"https:\/\/www.carnicaspedrogomez.es\/recetas\/wp-json\/wp\/v2\/posts"}],"about":[{"href":"https:\/\/www.carnicaspedrogomez.es\/recetas\/wp-json\/wp\/v2\/types\/post"}],"author":[{"embeddable":true,"href":"https:\/\/www.carnicaspedrogomez.es\/recetas\/wp-json\/wp\/v2\/users\/2"}],"replies":[{"embeddable":true,"href":"https:\/\/www.carnicaspedrogomez.es\/recetas\/wp-json\/wp\/v2\/comments?post=588"}],"version-history":[{"count":2,"href":"https:\/\/www.carnicaspedrogomez.es\/recetas\/wp-json\/wp\/v2\/posts\/588\/revisions"}],"predecessor-version":[{"id":591,"href":"https:\/\/www.carnicaspedrogomez.es\/recetas\/wp-json\/wp\/v2\/posts\/588\/revisions\/591"}],"wp:attachment":[{"href":"https:\/\/www.carnicaspedrogomez.es\/recetas\/wp-json\/wp\/v2\/media?parent=588"}],"wp:term":[{"taxonomy":"category","embeddable":true,"href":"https:\/\/www.carnicaspedrogomez.es\/recetas\/wp-json\/wp\/v2\/categories?post=588"},{"taxonomy":"post_tag","embeddable":true,"href":"https:\/\/www.carnicaspedrogomez.es\/recetas\/wp-json\/wp\/v2\/tags?post=588"}],"curies":[{"name":"wp","href":"https:\/\/api.w.org\/{rel}","templated":true}]}}