{"id":747,"date":"2018-11-07T14:06:02","date_gmt":"2018-11-07T13:06:02","guid":{"rendered":"https:\/\/www.carnicaspedrogomez.es\/recetas\/?p=747"},"modified":"2018-11-08T11:09:05","modified_gmt":"2018-11-08T10:09:05","slug":"pimientos-rellenos-de-carne-de-ternera","status":"publish","type":"post","link":"https:\/\/www.carnicaspedrogomez.es\/recetas\/pimientos-rellenos-de-carne-de-ternera\/","title":{"rendered":"Pimientos rellenos de carne de ternera"},"content":{"rendered":"<div id=\"attachment_748\" style=\"width: 778px\" class=\"wp-caption alignnone\"><a href=\"https:\/\/www.elle.com\/es\/belleza\/salud-fitness\/a24061301\/recetas-resaca\/\"><img aria-describedby=\"caption-attachment-748\" loading=\"lazy\" class=\"size-full wp-image-748\" src=\"https:\/\/www.carnicaspedrogomez.es\/recetas\/wp-content\/uploads\/2018\/11\/pimientos-rellenos-ternera.jpg\" alt=\"\" width=\"768\" height=\"574\" srcset=\"https:\/\/www.carnicaspedrogomez.es\/recetas\/wp-content\/uploads\/2018\/11\/pimientos-rellenos-ternera.jpg 768w, https:\/\/www.carnicaspedrogomez.es\/recetas\/wp-content\/uploads\/2018\/11\/pimientos-rellenos-ternera-300x224.jpg 300w\" sizes=\"(max-width: 768px) 100vw, 768px\" \/><\/a><p id=\"caption-attachment-748\" class=\"wp-caption-text\">Foto: Elle.es<\/p><\/div>\n<p>&nbsp;<\/p>\n<p>El d\u00eda 1 de enero deber\u00eda ser declarado el D\u00eda Mundial de la Resaca s\u00ed pero, para casi todos, a\u00fan es festivo. \u00bfY que pasa el d\u00eda 2? Ay el d\u00eda 2 de enero, esa s\u00ed que es la vuelta a la dura realidad&#8230; volvemos a trabajar y, adem\u00e1s, con resaca, ah\u00ed es nada. As\u00ed que si lo sufres, lee atentamente estos consejos que te regala la <a href=\"https:\/\/www.elle.com\/es\/belleza\/salud-fitness\/a24061301\/recetas-resaca\/\" target=\"_blank\" rel=\"noopener\">revista Elle<\/a>\u00a0con varias recetas para mitigar los efectos de la resaca. Nosotros nos hemos decantado por estos <a href=\"https:\/\/www.elle.com\/es\/belleza\/salud-fitness\/a24061301\/recetas-resaca\/\" target=\"_blank\" rel=\"noopener\">pimientos rellenos de carne picada de ternera<\/a>, una completa propuesta que combina las propiedades de la carne y la vitamina de las verduras para recuperarte en un periquete. Eso s\u00ed, \u00a1ni se te ocurra acompa\u00f1arlo con vino! Hoy agua, mucho agua y fruta de postre. Ma\u00f1ana&#8230; ya iremos viendo.<\/p>\n","protected":false},"excerpt":{"rendered":"","protected":false},"author":2,"featured_media":0,"comment_status":"open","ping_status":"open","sticky":false,"template":"","format":"standard","meta":[],"categories":[62],"tags":[78,77,58,115,7,86,227,3,9,351,350,44,352,189,82,83,151,85,80,34],"_links":{"self":[{"href":"https:\/\/www.carnicaspedrogomez.es\/recetas\/wp-json\/wp\/v2\/posts\/747"}],"collection":[{"href":"https:\/\/www.carnicaspedrogomez.es\/recetas\/wp-json\/wp\/v2\/posts"}],"about":[{"href":"https:\/\/www.carnicaspedrogomez.es\/recetas\/wp-json\/wp\/v2\/types\/post"}],"author":[{"embeddable":true,"href":"https:\/\/www.carnicaspedrogomez.es\/recetas\/wp-json\/wp\/v2\/users\/2"}],"replies":[{"embeddable":true,"href":"https:\/\/www.carnicaspedrogomez.es\/recetas\/wp-json\/wp\/v2\/comments?post=747"}],"version-history":[{"count":1,"href":"https:\/\/www.carnicaspedrogomez.es\/recetas\/wp-json\/wp\/v2\/posts\/747\/revisions"}],"predecessor-version":[{"id":749,"href":"https:\/\/www.carnicaspedrogomez.es\/recetas\/wp-json\/wp\/v2\/posts\/747\/revisions\/749"}],"wp:attachment":[{"href":"https:\/\/www.carnicaspedrogomez.es\/recetas\/wp-json\/wp\/v2\/media?parent=747"}],"wp:term":[{"taxonomy":"category","embeddable":true,"href":"https:\/\/www.carnicaspedrogomez.es\/recetas\/wp-json\/wp\/v2\/categories?post=747"},{"taxonomy":"post_tag","embeddable":true,"href":"https:\/\/www.carnicaspedrogomez.es\/recetas\/wp-json\/wp\/v2\/tags?post=747"}],"curies":[{"name":"wp","href":"https:\/\/api.w.org\/{rel}","templated":true}]}}